{"id":3074,"date":"2021-09-20T11:11:51","date_gmt":"2021-09-20T10:11:51","guid":{"rendered":"https:\/\/www.pelsis.com\/?p=3074"},"modified":"2021-09-20T11:57:38","modified_gmt":"2021-09-20T10:57:38","slug":"visita-el-stand-de-pelsis-en-la-feria-presencial-de-negocios-de-coferdroza-ferrymas","status":"publish","type":"post","link":"https:\/\/www.pelsis.com\/es\/news\/visita-el-stand-de-pelsis-en-la-feria-presencial-de-negocios-de-coferdroza-ferrymas\/","title":{"rendered":"Visita el stand de Pelsis en la Feria Presencial de Negocios de Coferdroza &#8211; Ferrymas"},"content":{"rendered":"\n<p>Pelsis estar\u00e1 presente en la Feria Presencial de Negocios de&nbsp;<a href=\"http:\/\/www.coferdroza.es\/\" target=\"_blank\" rel=\"noreferrer noopener\">Coferdroza\n&#8211; Ferrymas<\/a>&nbsp;los\npr\u00f3ximos d\u00edas 23 y 24 de septiembre.<\/p>\n\n\n\n<p>La 3\u00ba Feria Presencial de Negocios de <a href=\"http:\/\/www.coferdroza.es\/\" target=\"_blank\" rel=\"noreferrer noopener\">Coferdroza\n&#8211; Ferrymas<\/a>&nbsp;que\ntendr\u00e1 lugar en Zaragoza, central de la cooperativa, supone el reencuentro\nentre sus socios y proveedores en un espacio id\u00f3neo para establecer y afianzar\nrelaciones comerciales. Adem\u00e1s, Coferdroza se compromete a garantizar la\nseguridad de los asistentes con&nbsp;todas las medidas preventivas necesarias\npara lograr que la feria sea un espacio seguro.<\/p>\n\n\n\n<p>Coferdroza es una cooperativa formada por m\u00e1s de 300 socios y m\u00e1s de 400\npuntos de venta repartidos por todo el territorio espa\u00f1ol. Desde 1965\nCoferdroza es l\u00edder en la distribuci\u00f3n y venta de ferreter\u00eda, bricolaje y\nsuministro industrial en Espa\u00f1a.<\/p>\n\n\n\n<p>Pelsis va a participar por primera vez en esta feria con sus marcas <a href=\"https:\/\/www.pest-stop.co.uk\/\">Pest Stop<\/a>, <a href=\"https:\/\/www.green-protect.com\/\">Green Protect<\/a> e <a href=\"https:\/\/www.insect-o-cutor.co.uk\/\">Insect-O-Cutor<\/a>, dando a conocer a los socios de Coferdroza nuestro amplio portfolio de productos Retail para el control de plagas, as\u00ed como las novedades de producto para el pr\u00f3ximo a\u00f1o.<\/p>\n\n\n\n<p>Confiamos en que la feria sea todo un \u00e9xito y el sector ferretero espa\u00f1ol\ncuente pronto con m\u00e1s productos de nuestras marcas.<\/p>\n\n\n\n<p>\u00a1Os esperamos a todos los socios de Coferdroza en el stand 122!<\/p>\n","protected":false},"excerpt":{"rendered":"<p>Pelsis estar\u00e1 presente en la Feria Presencial de Negocios de&nbsp;Coferdroza &#8211; Ferrymas&nbsp;los pr\u00f3ximos d\u00edas 23 y 24 de septiembre. La 3\u00ba Feria Presencial de Negocios de Coferdroza &#8211; Ferrymas&nbsp;que tendr\u00e1 lugar en Zaragoza, central de la cooperativa, supone el reencuentro entre sus socios y proveedores en un espacio id\u00f3neo para establecer y afianzar relaciones comerciales.<\/p>\n","protected":false},"author":3,"featured_media":3076,"comment_status":"closed","ping_status":"closed","sticky":false,"template":"","format":"standard","meta":{"_acf_changed":false,"footnotes":""},"tags":[],"acf":[],"yoast_head":"<!-- This site is optimized with the Yoast SEO plugin v22.6 - https:\/\/yoast.com\/wordpress\/plugins\/seo\/ -->\n<title>Visita el stand de Pelsis en la Feria Presencial de Negocios de Coferdroza - Ferrymas - Pelsis<\/title>\n<meta name=\"robots\" content=\"index, follow, max-snippet:-1, max-image-preview:large, max-video-preview:-1\" \/>\n<link rel=\"canonical\" href=\"https:\/\/www.pelsis.com\/es\/news\/visita-el-stand-de-pelsis-en-la-feria-presencial-de-negocios-de-coferdroza-ferrymas\/\" \/>\n<meta property=\"og:locale\" content=\"es_ES\" \/>\n<meta property=\"og:type\" content=\"article\" \/>\n<meta property=\"og:title\" content=\"Visita el stand de Pelsis en la Feria Presencial de Negocios de Coferdroza - Ferrymas - Pelsis\" \/>\n<meta property=\"og:description\" content=\"Pelsis estar\u00e1 presente en la Feria Presencial de Negocios de&nbsp;Coferdroza &#8211; Ferrymas&nbsp;los pr\u00f3ximos d\u00edas 23 y 24 de septiembre. La 3\u00ba Feria Presencial de Negocios de Coferdroza &#8211; Ferrymas&nbsp;que tendr\u00e1 lugar en Zaragoza, central de la cooperativa, supone el reencuentro entre sus socios y proveedores en un espacio id\u00f3neo para establecer y afianzar relaciones comerciales.\" \/>\n<meta property=\"og:url\" content=\"https:\/\/www.pelsis.com\/es\/news\/visita-el-stand-de-pelsis-en-la-feria-presencial-de-negocios-de-coferdroza-ferrymas\/\" \/>\n<meta property=\"og:site_name\" content=\"Pelsis\" \/>\n<meta property=\"article:published_time\" content=\"2021-09-20T10:11:51+00:00\" \/>\n<meta property=\"article:modified_time\" content=\"2021-09-20T10:57:38+00:00\" \/>\n<meta property=\"og:image\" content=\"https:\/\/www.pelsis.com\/app\/uploads\/2021\/09\/Pelsis-1200x500px.jpg\" \/>\n\t<meta property=\"og:image:width\" content=\"1200\" \/>\n\t<meta property=\"og:image:height\" content=\"500\" \/>\n\t<meta property=\"og:image:type\" content=\"image\/jpeg\" \/>\n<meta name=\"author\" content=\"Pelsis\" \/>\n<meta name=\"twitter:card\" content=\"summary_large_image\" \/>\n<meta name=\"twitter:label1\" content=\"Written by\" \/>\n\t<meta name=\"twitter:data1\" content=\"Pelsis\" \/>\n\t<meta name=\"twitter:label2\" content=\"Est. reading time\" \/>\n\t<meta name=\"twitter:data2\" content=\"1 minute\" \/>\n<script type=\"application\/ld+json\" class=\"yoast-schema-graph\">{\"@context\":\"https:\/\/schema.org\",\"@graph\":[{\"@type\":\"WebPage\",\"@id\":\"https:\/\/www.pelsis.com\/es\/news\/visita-el-stand-de-pelsis-en-la-feria-presencial-de-negocios-de-coferdroza-ferrymas\/\",\"url\":\"https:\/\/www.pelsis.com\/es\/news\/visita-el-stand-de-pelsis-en-la-feria-presencial-de-negocios-de-coferdroza-ferrymas\/\",\"name\":\"Visita el stand de Pelsis en la Feria Presencial de Negocios de Coferdroza - Ferrymas - Pelsis\",\"isPartOf\":{\"@id\":\"https:\/\/www.pelsis.com\/es\/#website\"},\"primaryImageOfPage\":{\"@id\":\"https:\/\/www.pelsis.com\/es\/news\/visita-el-stand-de-pelsis-en-la-feria-presencial-de-negocios-de-coferdroza-ferrymas\/#primaryimage\"},\"image\":{\"@id\":\"https:\/\/www.pelsis.com\/es\/news\/visita-el-stand-de-pelsis-en-la-feria-presencial-de-negocios-de-coferdroza-ferrymas\/#primaryimage\"},\"thumbnailUrl\":\"https:\/\/www.pelsis.com\/app\/uploads\/2021\/09\/Pelsis-1200x500px.jpg\",\"datePublished\":\"2021-09-20T10:11:51+00:00\",\"dateModified\":\"2021-09-20T10:57:38+00:00\",\"author\":{\"@id\":\"https:\/\/www.pelsis.com\/es\/#\/schema\/person\/805902129330f6283c44e33faa0493ef\"},\"breadcrumb\":{\"@id\":\"https:\/\/www.pelsis.com\/es\/news\/visita-el-stand-de-pelsis-en-la-feria-presencial-de-negocios-de-coferdroza-ferrymas\/#breadcrumb\"},\"inLanguage\":\"es-ES\",\"potentialAction\":[{\"@type\":\"ReadAction\",\"target\":[\"https:\/\/www.pelsis.com\/es\/news\/visita-el-stand-de-pelsis-en-la-feria-presencial-de-negocios-de-coferdroza-ferrymas\/\"]}]},{\"@type\":\"ImageObject\",\"inLanguage\":\"es-ES\",\"@id\":\"https:\/\/www.pelsis.com\/es\/news\/visita-el-stand-de-pelsis-en-la-feria-presencial-de-negocios-de-coferdroza-ferrymas\/#primaryimage\",\"url\":\"https:\/\/www.pelsis.com\/app\/uploads\/2021\/09\/Pelsis-1200x500px.jpg\",\"contentUrl\":\"https:\/\/www.pelsis.com\/app\/uploads\/2021\/09\/Pelsis-1200x500px.jpg\",\"width\":1200,\"height\":500},{\"@type\":\"BreadcrumbList\",\"@id\":\"https:\/\/www.pelsis.com\/es\/news\/visita-el-stand-de-pelsis-en-la-feria-presencial-de-negocios-de-coferdroza-ferrymas\/#breadcrumb\",\"itemListElement\":[{\"@type\":\"ListItem\",\"position\":1,\"name\":\"Home\",\"item\":\"https:\/\/www.pelsis.com\/es\/\"},{\"@type\":\"ListItem\",\"position\":2,\"name\":\"Visita el stand de Pelsis en la Feria Presencial de Negocios de Coferdroza &#8211; Ferrymas\"}]},{\"@type\":\"WebSite\",\"@id\":\"https:\/\/www.pelsis.com\/es\/#website\",\"url\":\"https:\/\/www.pelsis.com\/es\/\",\"name\":\"Pelsis\",\"description\":\"\",\"potentialAction\":[{\"@type\":\"SearchAction\",\"target\":{\"@type\":\"EntryPoint\",\"urlTemplate\":\"https:\/\/www.pelsis.com\/es\/?s={search_term_string}\"},\"query-input\":\"required name=search_term_string\"}],\"inLanguage\":\"es-ES\"},{\"@type\":\"Person\",\"@id\":\"https:\/\/www.pelsis.com\/es\/#\/schema\/person\/805902129330f6283c44e33faa0493ef\",\"name\":\"Pelsis\",\"image\":{\"@type\":\"ImageObject\",\"inLanguage\":\"es-ES\",\"@id\":\"https:\/\/www.pelsis.com\/es\/#\/schema\/person\/image\/\",\"url\":\"https:\/\/secure.gravatar.com\/avatar\/8a28099a5b1c2143f65dafd896f99070?s=96&d=mm&r=g\",\"contentUrl\":\"https:\/\/secure.gravatar.com\/avatar\/8a28099a5b1c2143f65dafd896f99070?s=96&d=mm&r=g\",\"caption\":\"Pelsis\"},\"url\":\"https:\/\/www.pelsis.com\/es\/news\/author\/wp_pelsisadmin\/\"}]}<\/script>\n<!-- \/ Yoast SEO plugin. -->","yoast_head_json":{"title":"Visita el stand de Pelsis en la Feria Presencial de Negocios de Coferdroza - Ferrymas - Pelsis","robots":{"index":"index","follow":"follow","max-snippet":"max-snippet:-1","max-image-preview":"max-image-preview:large","max-video-preview":"max-video-preview:-1"},"canonical":"https:\/\/www.pelsis.com\/es\/news\/visita-el-stand-de-pelsis-en-la-feria-presencial-de-negocios-de-coferdroza-ferrymas\/","og_locale":"es_ES","og_type":"article","og_title":"Visita el stand de Pelsis en la Feria Presencial de Negocios de Coferdroza - Ferrymas - Pelsis","og_description":"Pelsis estar\u00e1 presente en la Feria Presencial de Negocios de&nbsp;Coferdroza &#8211; Ferrymas&nbsp;los pr\u00f3ximos d\u00edas 23 y 24 de septiembre. La 3\u00ba Feria Presencial de Negocios de Coferdroza &#8211; Ferrymas&nbsp;que tendr\u00e1 lugar en Zaragoza, central de la cooperativa, supone el reencuentro entre sus socios y proveedores en un espacio id\u00f3neo para establecer y afianzar relaciones comerciales.","og_url":"https:\/\/www.pelsis.com\/es\/news\/visita-el-stand-de-pelsis-en-la-feria-presencial-de-negocios-de-coferdroza-ferrymas\/","og_site_name":"Pelsis","article_published_time":"2021-09-20T10:11:51+00:00","article_modified_time":"2021-09-20T10:57:38+00:00","og_image":[{"width":1200,"height":500,"url":"https:\/\/www.pelsis.com\/app\/uploads\/2021\/09\/Pelsis-1200x500px.jpg","type":"image\/jpeg"}],"author":"Pelsis","twitter_card":"summary_large_image","twitter_misc":{"Written by":"Pelsis","Est. reading time":"1 minute"},"schema":{"@context":"https:\/\/schema.org","@graph":[{"@type":"WebPage","@id":"https:\/\/www.pelsis.com\/es\/news\/visita-el-stand-de-pelsis-en-la-feria-presencial-de-negocios-de-coferdroza-ferrymas\/","url":"https:\/\/www.pelsis.com\/es\/news\/visita-el-stand-de-pelsis-en-la-feria-presencial-de-negocios-de-coferdroza-ferrymas\/","name":"Visita el stand de Pelsis en la Feria Presencial de Negocios de Coferdroza - Ferrymas - Pelsis","isPartOf":{"@id":"https:\/\/www.pelsis.com\/es\/#website"},"primaryImageOfPage":{"@id":"https:\/\/www.pelsis.com\/es\/news\/visita-el-stand-de-pelsis-en-la-feria-presencial-de-negocios-de-coferdroza-ferrymas\/#primaryimage"},"image":{"@id":"https:\/\/www.pelsis.com\/es\/news\/visita-el-stand-de-pelsis-en-la-feria-presencial-de-negocios-de-coferdroza-ferrymas\/#primaryimage"},"thumbnailUrl":"https:\/\/www.pelsis.com\/app\/uploads\/2021\/09\/Pelsis-1200x500px.jpg","datePublished":"2021-09-20T10:11:51+00:00","dateModified":"2021-09-20T10:57:38+00:00","author":{"@id":"https:\/\/www.pelsis.com\/es\/#\/schema\/person\/805902129330f6283c44e33faa0493ef"},"breadcrumb":{"@id":"https:\/\/www.pelsis.com\/es\/news\/visita-el-stand-de-pelsis-en-la-feria-presencial-de-negocios-de-coferdroza-ferrymas\/#breadcrumb"},"inLanguage":"es-ES","potentialAction":[{"@type":"ReadAction","target":["https:\/\/www.pelsis.com\/es\/news\/visita-el-stand-de-pelsis-en-la-feria-presencial-de-negocios-de-coferdroza-ferrymas\/"]}]},{"@type":"ImageObject","inLanguage":"es-ES","@id":"https:\/\/www.pelsis.com\/es\/news\/visita-el-stand-de-pelsis-en-la-feria-presencial-de-negocios-de-coferdroza-ferrymas\/#primaryimage","url":"https:\/\/www.pelsis.com\/app\/uploads\/2021\/09\/Pelsis-1200x500px.jpg","contentUrl":"https:\/\/www.pelsis.com\/app\/uploads\/2021\/09\/Pelsis-1200x500px.jpg","width":1200,"height":500},{"@type":"BreadcrumbList","@id":"https:\/\/www.pelsis.com\/es\/news\/visita-el-stand-de-pelsis-en-la-feria-presencial-de-negocios-de-coferdroza-ferrymas\/#breadcrumb","itemListElement":[{"@type":"ListItem","position":1,"name":"Home","item":"https:\/\/www.pelsis.com\/es\/"},{"@type":"ListItem","position":2,"name":"Visita el stand de Pelsis en la Feria Presencial de Negocios de Coferdroza &#8211; Ferrymas"}]},{"@type":"WebSite","@id":"https:\/\/www.pelsis.com\/es\/#website","url":"https:\/\/www.pelsis.com\/es\/","name":"Pelsis","description":"","potentialAction":[{"@type":"SearchAction","target":{"@type":"EntryPoint","urlTemplate":"https:\/\/www.pelsis.com\/es\/?s={search_term_string}"},"query-input":"required name=search_term_string"}],"inLanguage":"es-ES"},{"@type":"Person","@id":"https:\/\/www.pelsis.com\/es\/#\/schema\/person\/805902129330f6283c44e33faa0493ef","name":"Pelsis","image":{"@type":"ImageObject","inLanguage":"es-ES","@id":"https:\/\/www.pelsis.com\/es\/#\/schema\/person\/image\/","url":"https:\/\/secure.gravatar.com\/avatar\/8a28099a5b1c2143f65dafd896f99070?s=96&d=mm&r=g","contentUrl":"https:\/\/secure.gravatar.com\/avatar\/8a28099a5b1c2143f65dafd896f99070?s=96&d=mm&r=g","caption":"Pelsis"},"url":"https:\/\/www.pelsis.com\/es\/news\/author\/wp_pelsisadmin\/"}]}},"_links":{"self":[{"href":"https:\/\/www.pelsis.com\/es\/wp-json\/wp\/v2\/posts\/3074"}],"collection":[{"href":"https:\/\/www.pelsis.com\/es\/wp-json\/wp\/v2\/posts"}],"about":[{"href":"https:\/\/www.pelsis.com\/es\/wp-json\/wp\/v2\/types\/post"}],"author":[{"embeddable":true,"href":"https:\/\/www.pelsis.com\/es\/wp-json\/wp\/v2\/users\/3"}],"replies":[{"embeddable":true,"href":"https:\/\/www.pelsis.com\/es\/wp-json\/wp\/v2\/comments?post=3074"}],"version-history":[{"count":0,"href":"https:\/\/www.pelsis.com\/es\/wp-json\/wp\/v2\/posts\/3074\/revisions"}],"wp:featuredmedia":[{"embeddable":true,"href":"https:\/\/www.pelsis.com\/es\/wp-json\/wp\/v2\/media\/3076"}],"wp:attachment":[{"href":"https:\/\/www.pelsis.com\/es\/wp-json\/wp\/v2\/media?parent=3074"}],"wp:term":[{"taxonomy":"post_tag","embeddable":true,"href":"https:\/\/www.pelsis.com\/es\/wp-json\/wp\/v2\/tags?post=3074"}],"curies":[{"name":"wp","href":"https:\/\/api.w.org\/{rel}","templated":true}]}}